{"id":808,"date":"2024-12-04T22:03:32","date_gmt":"2024-12-04T21:03:32","guid":{"rendered":"https:\/\/cyklometa.sk\/?p=808"},"modified":"2024-12-05T14:51:59","modified_gmt":"2024-12-05T13:51:59","slug":"napisala-som","status":"publish","type":"post","link":"https:\/\/cyklometa.sk\/?p=808","title":{"rendered":"Nap\u00edsala som"},"content":{"rendered":"<aside class=\"mashsb-container mashsb-main \"><div class=\"mashsb-box\"><div class=\"mashsb-buttons\"><\/div>\n            <\/div>\n                <div style=\"clear:both\"><\/div><div class=\"mashsb-toggle-container\"><\/div><\/aside>\n            <!-- Share buttons by mashshare.net - Version: 4.0.47-->\n<p style=\"font-size:15px\">Tu n\u00e1jdete zop\u00e1r \u010dl\u00e1nkov, ktor\u00e9 som publikovala po\u010das doby kedy som p\u00f4sobila ako krajsk\u00e1 cyklokoordin\u00e1torka pre neziskov\u00e9 organiz\u00e1cie za Pre\u0161ovsk\u00fd kraj (Nad\u00e1cia Ekopolis), alebo v spolupr\u00e1ci s Pre\u0161ovskou bicyklovou skupinou Kostitras.<\/p>\n\n\n\n<figure class=\"wp-block-embed is-type-wp-embed is-provider-cyklodoprava-sk wp-block-embed-cyklodoprava-sk\"><div class=\"wp-block-embed__wrapper\">\n<div class=\"video-container\"><blockquote class=\"wp-embedded-content\" data-secret=\"7ZNBwfciqV\"><a href=\"https:\/\/www.cyklodoprava.sk\/po-osmich-rokoch-sa-presovcania-dockaju-cyklopristreskov\/\">Po \u00f4smich rokoch sa Pre\u0161ov\u010dania do\u010dkaj\u00fa cyklopr\u00edstre\u0161kov.<\/a><\/blockquote><iframe loading=\"lazy\" class=\"wp-embedded-content\" sandbox=\"allow-scripts\" security=\"restricted\" style=\"position: absolute; visibility: hidden;\" title=\"&#8220;Po \u00f4smich rokoch sa Pre\u0161ov\u010dania do\u010dkaj\u00fa cyklopr\u00edstre\u0161kov.&#8221; &#8212; cyklodoprava.sk\" src=\"https:\/\/www.cyklodoprava.sk\/po-osmich-rokoch-sa-presovcania-dockaju-cyklopristreskov\/embed\/#?secret=UFi6UKK4zm#?secret=7ZNBwfciqV\" data-secret=\"7ZNBwfciqV\" width=\"600\" height=\"338\" frameborder=\"0\" marginwidth=\"0\" marginheight=\"0\" scrolling=\"no\"><\/iframe><\/div>\n<\/div><\/figure>\n\n\n\n<figure class=\"wp-block-embed is-type-wp-embed is-provider-cyklodoprava-sk wp-block-embed-cyklodoprava-sk\"><div class=\"wp-block-embed__wrapper\">\n<div class=\"video-container\"><blockquote class=\"wp-embedded-content\" data-secret=\"5iX6IPg3wd\"><a href=\"https:\/\/www.cyklodoprava.sk\/stretnutie-ako-rozbicyklovat-slovensko-v-presovskom-kraji\/\">Stretnutie &#8220;Ako rozbicyklova\u0165 Slovensko&#8221; v Pre\u0161ovskom kraji<\/a><\/blockquote><iframe loading=\"lazy\" class=\"wp-embedded-content\" sandbox=\"allow-scripts\" security=\"restricted\" style=\"position: absolute; visibility: hidden;\" title=\"&#8220;Stretnutie &#8220;Ako rozbicyklova\u0165 Slovensko&#8221; v Pre\u0161ovskom kraji&#8221; &#8212; cyklodoprava.sk\" src=\"https:\/\/www.cyklodoprava.sk\/stretnutie-ako-rozbicyklovat-slovensko-v-presovskom-kraji\/embed\/#?secret=1GAgIQd9ZC#?secret=5iX6IPg3wd\" data-secret=\"5iX6IPg3wd\" width=\"600\" height=\"338\" frameborder=\"0\" marginwidth=\"0\" marginheight=\"0\" scrolling=\"no\"><\/iframe><\/div>\n<\/div><\/figure>\n\n\n\n<figure class=\"wp-block-embed is-type-wp-embed is-provider-cyklodoprava-sk wp-block-embed-cyklodoprava-sk\"><div class=\"wp-block-embed__wrapper\">\n<div class=\"video-container\"><blockquote class=\"wp-embedded-content\" data-secret=\"qoQdoyxJz2\"><a href=\"https:\/\/www.cyklodoprava.sk\/zdielane-bicykle-v-presovskom-kraji\/\">Zdie\u013ean\u00e9 bicykle v Pre\u0161ovskom kraji<\/a><\/blockquote><iframe loading=\"lazy\" class=\"wp-embedded-content\" sandbox=\"allow-scripts\" security=\"restricted\" style=\"position: absolute; visibility: hidden;\" title=\"&#8220;Zdie\u013ean\u00e9 bicykle v Pre\u0161ovskom kraji&#8221; &#8212; cyklodoprava.sk\" src=\"https:\/\/www.cyklodoprava.sk\/zdielane-bicykle-v-presovskom-kraji\/embed\/#?secret=5dPce1BoWW#?secret=qoQdoyxJz2\" data-secret=\"qoQdoyxJz2\" width=\"600\" height=\"338\" frameborder=\"0\" marginwidth=\"0\" marginheight=\"0\" scrolling=\"no\"><\/iframe><\/div>\n<\/div><\/figure>\n\n\n\n<figure class=\"wp-block-embed is-type-wp-embed is-provider-cyklodoprava-sk wp-block-embed-cyklodoprava-sk\"><div class=\"wp-block-embed__wrapper\">\n<div class=\"video-container\"><blockquote class=\"wp-embedded-content\" data-secret=\"OsFz7QkQfA\"><a href=\"https:\/\/www.cyklodoprava.sk\/ako-bicyklovat-v-zime-v-presove-si-to-mozete-vyskusat\/\">Ako bicyklova\u0165 v zime? V Pre\u0161ove si to m\u00f4\u017eete vysk\u00fa\u0161a\u0165.<\/a><\/blockquote><iframe loading=\"lazy\" class=\"wp-embedded-content\" sandbox=\"allow-scripts\" security=\"restricted\" style=\"position: absolute; visibility: hidden;\" title=\"&#8220;Ako bicyklova\u0165 v zime? V Pre\u0161ove si to m\u00f4\u017eete vysk\u00fa\u0161a\u0165.&#8221; &#8212; cyklodoprava.sk\" src=\"https:\/\/www.cyklodoprava.sk\/ako-bicyklovat-v-zime-v-presove-si-to-mozete-vyskusat\/embed\/#?secret=eKfXB4RLxD#?secret=OsFz7QkQfA\" data-secret=\"OsFz7QkQfA\" width=\"600\" height=\"338\" frameborder=\"0\" marginwidth=\"0\" marginheight=\"0\" scrolling=\"no\"><\/iframe><\/div>\n<\/div><\/figure>\n\n\n\n<figure class=\"wp-block-embed is-type-wp-embed is-provider-cyklodoprava-sk wp-block-embed-cyklodoprava-sk\"><div class=\"wp-block-embed__wrapper\">\n<div class=\"video-container\"><blockquote class=\"wp-embedded-content\" data-secret=\"MSsdxzfzl4\"><a href=\"https:\/\/www.cyklodoprava.sk\/presovski-cyklisti-si-uzili-trojkralovu-cyklometu-v-hojnom-pocte\/\">Pre\u0161ovsk\u00ed cyklisti si u\u017eili Trojkr\u00e1\u013eov\u00fa Cyklom\u00e9tu v hojnom po\u010dte<\/a><\/blockquote><iframe loading=\"lazy\" class=\"wp-embedded-content\" sandbox=\"allow-scripts\" security=\"restricted\" style=\"position: absolute; visibility: hidden;\" title=\"&#8220;Pre\u0161ovsk\u00ed cyklisti si u\u017eili Trojkr\u00e1\u013eov\u00fa Cyklom\u00e9tu v hojnom po\u010dte&#8221; &#8212; cyklodoprava.sk\" src=\"https:\/\/www.cyklodoprava.sk\/presovski-cyklisti-si-uzili-trojkralovu-cyklometu-v-hojnom-pocte\/embed\/#?secret=BjpYZYu9Jp#?secret=MSsdxzfzl4\" data-secret=\"MSsdxzfzl4\" width=\"600\" height=\"338\" frameborder=\"0\" marginwidth=\"0\" marginheight=\"0\" scrolling=\"no\"><\/iframe><\/div>\n<\/div><\/figure>\n\n\n\n<p class=\"has-small-font-size\"><a href=\"http:\/\/www.mulica.sk\/cyklisticka_doprava\/cd\/22019.pdf\">http:\/\/www.mulica.sk\/cyklisticka_doprava\/cd\/22019.pdf<\/a><\/p>\n\n\n\n<p class=\"has-small-font-size\"><a href=\"http:\/\/kostitras.sk\/co-chysta-mesto-presov-cyklistov\/\">http:\/\/kostitras.sk\/co-chysta-mesto-presov-cyklistov\/<\/a><\/p>\n\n\n\n<p class=\"has-small-font-size\"><a href=\"http:\/\/kostitras.sk\/co-chysta-mesto-presov-cyklistov-ii\/\">http:\/\/kostitras.sk\/co-chysta-mesto-presov-cyklistov-ii\/<\/a><\/p>\n\n\n\n<p class=\"has-small-font-size\"><a href=\"http:\/\/kostitras.sk\/co-chysta-mesto-presov-pre-cyklistov-iii\/\">http:\/\/kostitras.sk\/co-chysta-mesto-presov-pre-cyklistov-iii\/<\/a><\/p>\n\n\n\n<p class=\"has-small-font-size\"><a href=\"http:\/\/kostitras.sk\/co-chysta-mesto-presov-pre-cyklistov-iv\/\">http:\/\/kostitras.sk\/co-chysta-mesto-presov-pre-cyklistov-iv\/<\/a><\/p>\n\n\n\n<p class=\"has-small-font-size\"><a href=\"http:\/\/kostitras.sk\/eurovelo-11-moze-spojit-viac-ako-pol-miliona-obyvatelov\/\">http:\/\/kostitras.sk\/eurovelo-11-moze-spojit-viac-ako-pol-miliona-obyvatelov\/<\/a><\/p>\n\n\n\n<p class=\"has-small-font-size\"><a href=\"http:\/\/kostitras.sk\/plan-obnovy-ma-pomoct-zacat-opat-dobiehat-zivotnu-uroven\/\">http:\/\/kostitras.sk\/plan-obnovy-ma-pomoct-zacat-opat-dobiehat-zivotnu-uroven\/<\/a><\/p>\n\n\n\n<p class=\"has-small-font-size\"><a href=\"http:\/\/kostitras.sk\/otvorenie-cyklozeleznicky\/\">http:\/\/kostitras.sk\/otvorenie-cyklozeleznicky\/<\/a><\/p>\n\n\n\n<p class=\"has-small-font-size\"><a href=\"http:\/\/kostitras.sk\/plan-obnovy-a-odolnosti-presov-cyklodoprava\/\">http:\/\/kostitras.sk\/plan-obnovy-a-odolnosti-presov-cyklodoprava\/<\/a><\/p>\n\n\n\n<p class=\"has-small-font-size\"><a href=\"http:\/\/kostitras.sk\/pytali-sme-sa-mesta-presov\/\">http:\/\/kostitras.sk\/pytali-sme-sa-mesta-presov\/<\/a><\/p>\n\n\n\n<p class=\"has-small-font-size\"><a href=\"http:\/\/kostitras.sk\/ziadost-o-zmenu-zavory\/\">http:\/\/kostitras.sk\/ziadost-o-zmenu-zavory\/<\/a><\/p>\n","protected":false},"excerpt":{"rendered":"<p>Tu n\u00e1jdete zop\u00e1r \u010dl\u00e1nkov, ktor\u00e9 som publikovala po\u010das doby kedy som p\u00f4sobila ako krajsk\u00e1 cyklokoordin\u00e1torka pre neziskov\u00e9 organiz\u00e1cie za Pre\u0161ovsk\u00fd kraj (Nad\u00e1cia Ekopolis), alebo v spolupr\u00e1ci&#46;&#46;&#46;<\/p>\n","protected":false},"author":1,"featured_media":862,"comment_status":"open","ping_status":"open","sticky":false,"template":"","format":"standard","meta":{"_monsterinsights_skip_tracking":false,"_monsterinsights_sitenote_active":false,"_monsterinsights_sitenote_note":"","_monsterinsights_sitenote_category":0,"fifu_image_url":"","fifu_image_alt":"","footnotes":""},"categories":[6],"tags":[22],"class_list":["post-808","post","type-post","status-publish","format-standard","has-post-thumbnail","hentry","category-blog","tag-napisala-som"],"yoast_head":"<!-- This site is optimized with the Yoast SEO plugin v26.6 - https:\/\/yoast.com\/wordpress\/plugins\/seo\/ -->\n<title>Nap\u00edsala som - Cyklom\u00e9ta<\/title>\n<meta name=\"description\" content=\"Tu n\u00e1jdete zop\u00e1r \u010dl\u00e1nkov, ktor\u00e9 som publikovala po\u010das doby kedy som p\u00f4sobila ako krajsk\u00e1 cyklokoordin\u00e1torka pre neziskov\u00e9 organiz\u00e1cie za Pre\u0161ovsk\u00fd kraj (Nad\u00e1cia Ekopolis), alebo v spolupr\u00e1ci s Pre\u0161ovskou bicyklovou skupinou Kostitras.\" \/>\n<meta name=\"robots\" content=\"index, follow, max-snippet:-1, max-image-preview:large, max-video-preview:-1\" \/>\n<link rel=\"canonical\" href=\"https:\/\/cyklometa.sk\/?p=808\" \/>\n<meta property=\"og:locale\" content=\"sk_SK\" \/>\n<meta property=\"og:type\" content=\"article\" \/>\n<meta property=\"og:title\" content=\"Nap\u00edsala som - Cyklom\u00e9ta\" \/>\n<meta property=\"og:description\" content=\"Tu n\u00e1jdete zop\u00e1r \u010dl\u00e1nkov, ktor\u00e9 som publikovala po\u010das doby kedy som p\u00f4sobila ako krajsk\u00e1 cyklokoordin\u00e1torka pre neziskov\u00e9 organiz\u00e1cie za Pre\u0161ovsk\u00fd kraj (Nad\u00e1cia Ekopolis), alebo v spolupr\u00e1ci s Pre\u0161ovskou bicyklovou skupinou Kostitras.\" \/>\n<meta property=\"og:url\" content=\"https:\/\/cyklometa.sk\/?p=808\" \/>\n<meta property=\"og:site_name\" content=\"Cyklom\u00e9ta\" \/>\n<meta property=\"article:published_time\" content=\"2024-12-04T21:03:32+00:00\" \/>\n<meta property=\"article:modified_time\" content=\"2024-12-05T13:51:59+00:00\" \/>\n<meta property=\"og:image\" content=\"https:\/\/cyklometa.sk\/wp-content\/uploads\/2024\/12\/39195260_1847212322034732_4801060536781373440_n.jpg\" \/>\n\t<meta property=\"og:image:width\" content=\"1728\" \/>\n\t<meta property=\"og:image:height\" content=\"972\" \/>\n\t<meta property=\"og:image:type\" content=\"image\/jpeg\" \/>\n<meta name=\"author\" content=\"RenataKm\" \/>\n<meta name=\"twitter:card\" content=\"summary_large_image\" \/>\n<meta name=\"twitter:label1\" content=\"Autor\" \/>\n\t<meta name=\"twitter:data1\" content=\"RenataKm\" \/>\n\t<meta name=\"twitter:label2\" content=\"Predpokladan\u00fd \u010das \u010d\u00edtania\" \/>\n\t<meta name=\"twitter:data2\" content=\"1 min\u00fata\" \/>\n<script type=\"application\/ld+json\" class=\"yoast-schema-graph\">{\"@context\":\"https:\/\/schema.org\",\"@graph\":[{\"@type\":\"WebPage\",\"@id\":\"https:\/\/cyklometa.sk\/?p=808\",\"url\":\"https:\/\/cyklometa.sk\/?p=808\",\"name\":\"Nap\u00edsala som - Cyklom\u00e9ta\",\"isPartOf\":{\"@id\":\"https:\/\/cyklometa.sk\/#website\"},\"primaryImageOfPage\":{\"@id\":\"https:\/\/cyklometa.sk\/?p=808#primaryimage\"},\"image\":{\"@id\":\"https:\/\/cyklometa.sk\/?p=808#primaryimage\"},\"thumbnailUrl\":\"https:\/\/cyklometa.sk\/wp-content\/uploads\/2024\/12\/39195260_1847212322034732_4801060536781373440_n.jpg\",\"datePublished\":\"2024-12-04T21:03:32+00:00\",\"dateModified\":\"2024-12-05T13:51:59+00:00\",\"author\":{\"@id\":\"https:\/\/cyklometa.sk\/#\/schema\/person\/0d52e67ebf7c09d469134813dc8c488e\"},\"description\":\"Tu n\u00e1jdete zop\u00e1r \u010dl\u00e1nkov, ktor\u00e9 som publikovala po\u010das doby kedy som p\u00f4sobila ako krajsk\u00e1 cyklokoordin\u00e1torka pre neziskov\u00e9 organiz\u00e1cie za Pre\u0161ovsk\u00fd kraj (Nad\u00e1cia Ekopolis), alebo v spolupr\u00e1ci s Pre\u0161ovskou bicyklovou skupinou Kostitras.\",\"breadcrumb\":{\"@id\":\"https:\/\/cyklometa.sk\/?p=808#breadcrumb\"},\"inLanguage\":\"sk-SK\",\"potentialAction\":[{\"@type\":\"ReadAction\",\"target\":[\"https:\/\/cyklometa.sk\/?p=808\"]}]},{\"@type\":\"ImageObject\",\"inLanguage\":\"sk-SK\",\"@id\":\"https:\/\/cyklometa.sk\/?p=808#primaryimage\",\"url\":\"https:\/\/cyklometa.sk\/wp-content\/uploads\/2024\/12\/39195260_1847212322034732_4801060536781373440_n.jpg\",\"contentUrl\":\"https:\/\/cyklometa.sk\/wp-content\/uploads\/2024\/12\/39195260_1847212322034732_4801060536781373440_n.jpg\",\"width\":1728,\"height\":972},{\"@type\":\"BreadcrumbList\",\"@id\":\"https:\/\/cyklometa.sk\/?p=808#breadcrumb\",\"itemListElement\":[{\"@type\":\"ListItem\",\"position\":1,\"name\":\"Home\",\"item\":\"https:\/\/cyklometa.sk\/\"},{\"@type\":\"ListItem\",\"position\":2,\"name\":\"Nap\u00edsala som\"}]},{\"@type\":\"WebSite\",\"@id\":\"https:\/\/cyklometa.sk\/#website\",\"url\":\"https:\/\/cyklometa.sk\/\",\"name\":\"Cyklom\u00e9ta\",\"description\":\"Bezpe\u010dne na bicykli po\u010das cel\u00e9ho roka!\",\"potentialAction\":[{\"@type\":\"SearchAction\",\"target\":{\"@type\":\"EntryPoint\",\"urlTemplate\":\"https:\/\/cyklometa.sk\/?s={search_term_string}\"},\"query-input\":{\"@type\":\"PropertyValueSpecification\",\"valueRequired\":true,\"valueName\":\"search_term_string\"}}],\"inLanguage\":\"sk-SK\"},{\"@type\":\"Person\",\"@id\":\"https:\/\/cyklometa.sk\/#\/schema\/person\/0d52e67ebf7c09d469134813dc8c488e\",\"name\":\"RenataKm\",\"image\":{\"@type\":\"ImageObject\",\"inLanguage\":\"sk-SK\",\"@id\":\"https:\/\/cyklometa.sk\/#\/schema\/person\/image\/\",\"url\":\"https:\/\/secure.gravatar.com\/avatar\/da7f13aa156509e9534f93b1b590b03b?s=96&d=mm&r=g\",\"contentUrl\":\"https:\/\/secure.gravatar.com\/avatar\/da7f13aa156509e9534f93b1b590b03b?s=96&d=mm&r=g\",\"caption\":\"RenataKm\"},\"sameAs\":[\"https:\/\/cyklometa.sk\"],\"url\":\"https:\/\/cyklometa.sk\/?author=1\"}]}<\/script>\n<!-- \/ Yoast SEO plugin. -->","yoast_head_json":{"title":"Nap\u00edsala som - Cyklom\u00e9ta","description":"Tu n\u00e1jdete zop\u00e1r \u010dl\u00e1nkov, ktor\u00e9 som publikovala po\u010das doby kedy som p\u00f4sobila ako krajsk\u00e1 cyklokoordin\u00e1torka pre neziskov\u00e9 organiz\u00e1cie za Pre\u0161ovsk\u00fd kraj (Nad\u00e1cia Ekopolis), alebo v spolupr\u00e1ci s Pre\u0161ovskou bicyklovou skupinou Kostitras.","robots":{"index":"index","follow":"follow","max-snippet":"max-snippet:-1","max-image-preview":"max-image-preview:large","max-video-preview":"max-video-preview:-1"},"canonical":"https:\/\/cyklometa.sk\/?p=808","og_locale":"sk_SK","og_type":"article","og_title":"Nap\u00edsala som - Cyklom\u00e9ta","og_description":"Tu n\u00e1jdete zop\u00e1r \u010dl\u00e1nkov, ktor\u00e9 som publikovala po\u010das doby kedy som p\u00f4sobila ako krajsk\u00e1 cyklokoordin\u00e1torka pre neziskov\u00e9 organiz\u00e1cie za Pre\u0161ovsk\u00fd kraj (Nad\u00e1cia Ekopolis), alebo v spolupr\u00e1ci s Pre\u0161ovskou bicyklovou skupinou Kostitras.","og_url":"https:\/\/cyklometa.sk\/?p=808","og_site_name":"Cyklom\u00e9ta","article_published_time":"2024-12-04T21:03:32+00:00","article_modified_time":"2024-12-05T13:51:59+00:00","og_image":[{"width":1728,"height":972,"url":"https:\/\/cyklometa.sk\/wp-content\/uploads\/2024\/12\/39195260_1847212322034732_4801060536781373440_n.jpg","type":"image\/jpeg"}],"author":"RenataKm","twitter_card":"summary_large_image","twitter_misc":{"Autor":"RenataKm","Predpokladan\u00fd \u010das \u010d\u00edtania":"1 min\u00fata"},"schema":{"@context":"https:\/\/schema.org","@graph":[{"@type":"WebPage","@id":"https:\/\/cyklometa.sk\/?p=808","url":"https:\/\/cyklometa.sk\/?p=808","name":"Nap\u00edsala som - Cyklom\u00e9ta","isPartOf":{"@id":"https:\/\/cyklometa.sk\/#website"},"primaryImageOfPage":{"@id":"https:\/\/cyklometa.sk\/?p=808#primaryimage"},"image":{"@id":"https:\/\/cyklometa.sk\/?p=808#primaryimage"},"thumbnailUrl":"https:\/\/cyklometa.sk\/wp-content\/uploads\/2024\/12\/39195260_1847212322034732_4801060536781373440_n.jpg","datePublished":"2024-12-04T21:03:32+00:00","dateModified":"2024-12-05T13:51:59+00:00","author":{"@id":"https:\/\/cyklometa.sk\/#\/schema\/person\/0d52e67ebf7c09d469134813dc8c488e"},"description":"Tu n\u00e1jdete zop\u00e1r \u010dl\u00e1nkov, ktor\u00e9 som publikovala po\u010das doby kedy som p\u00f4sobila ako krajsk\u00e1 cyklokoordin\u00e1torka pre neziskov\u00e9 organiz\u00e1cie za Pre\u0161ovsk\u00fd kraj (Nad\u00e1cia Ekopolis), alebo v spolupr\u00e1ci s Pre\u0161ovskou bicyklovou skupinou Kostitras.","breadcrumb":{"@id":"https:\/\/cyklometa.sk\/?p=808#breadcrumb"},"inLanguage":"sk-SK","potentialAction":[{"@type":"ReadAction","target":["https:\/\/cyklometa.sk\/?p=808"]}]},{"@type":"ImageObject","inLanguage":"sk-SK","@id":"https:\/\/cyklometa.sk\/?p=808#primaryimage","url":"https:\/\/cyklometa.sk\/wp-content\/uploads\/2024\/12\/39195260_1847212322034732_4801060536781373440_n.jpg","contentUrl":"https:\/\/cyklometa.sk\/wp-content\/uploads\/2024\/12\/39195260_1847212322034732_4801060536781373440_n.jpg","width":1728,"height":972},{"@type":"BreadcrumbList","@id":"https:\/\/cyklometa.sk\/?p=808#breadcrumb","itemListElement":[{"@type":"ListItem","position":1,"name":"Home","item":"https:\/\/cyklometa.sk\/"},{"@type":"ListItem","position":2,"name":"Nap\u00edsala som"}]},{"@type":"WebSite","@id":"https:\/\/cyklometa.sk\/#website","url":"https:\/\/cyklometa.sk\/","name":"Cyklom\u00e9ta","description":"Bezpe\u010dne na bicykli po\u010das cel\u00e9ho roka!","potentialAction":[{"@type":"SearchAction","target":{"@type":"EntryPoint","urlTemplate":"https:\/\/cyklometa.sk\/?s={search_term_string}"},"query-input":{"@type":"PropertyValueSpecification","valueRequired":true,"valueName":"search_term_string"}}],"inLanguage":"sk-SK"},{"@type":"Person","@id":"https:\/\/cyklometa.sk\/#\/schema\/person\/0d52e67ebf7c09d469134813dc8c488e","name":"RenataKm","image":{"@type":"ImageObject","inLanguage":"sk-SK","@id":"https:\/\/cyklometa.sk\/#\/schema\/person\/image\/","url":"https:\/\/secure.gravatar.com\/avatar\/da7f13aa156509e9534f93b1b590b03b?s=96&d=mm&r=g","contentUrl":"https:\/\/secure.gravatar.com\/avatar\/da7f13aa156509e9534f93b1b590b03b?s=96&d=mm&r=g","caption":"RenataKm"},"sameAs":["https:\/\/cyklometa.sk"],"url":"https:\/\/cyklometa.sk\/?author=1"}]}},"_links":{"self":[{"href":"https:\/\/cyklometa.sk\/index.php?rest_route=\/wp\/v2\/posts\/808","targetHints":{"allow":["GET"]}}],"collection":[{"href":"https:\/\/cyklometa.sk\/index.php?rest_route=\/wp\/v2\/posts"}],"about":[{"href":"https:\/\/cyklometa.sk\/index.php?rest_route=\/wp\/v2\/types\/post"}],"author":[{"embeddable":true,"href":"https:\/\/cyklometa.sk\/index.php?rest_route=\/wp\/v2\/users\/1"}],"replies":[{"embeddable":true,"href":"https:\/\/cyklometa.sk\/index.php?rest_route=%2Fwp%2Fv2%2Fcomments&post=808"}],"version-history":[{"count":7,"href":"https:\/\/cyklometa.sk\/index.php?rest_route=\/wp\/v2\/posts\/808\/revisions"}],"predecessor-version":[{"id":863,"href":"https:\/\/cyklometa.sk\/index.php?rest_route=\/wp\/v2\/posts\/808\/revisions\/863"}],"wp:featuredmedia":[{"embeddable":true,"href":"https:\/\/cyklometa.sk\/index.php?rest_route=\/wp\/v2\/media\/862"}],"wp:attachment":[{"href":"https:\/\/cyklometa.sk\/index.php?rest_route=%2Fwp%2Fv2%2Fmedia&parent=808"}],"wp:term":[{"taxonomy":"category","embeddable":true,"href":"https:\/\/cyklometa.sk\/index.php?rest_route=%2Fwp%2Fv2%2Fcategories&post=808"},{"taxonomy":"post_tag","embeddable":true,"href":"https:\/\/cyklometa.sk\/index.php?rest_route=%2Fwp%2Fv2%2Ftags&post=808"}],"curies":[{"name":"wp","href":"https:\/\/api.w.org\/{rel}","templated":true}]}}