{"id":811,"date":"2024-12-04T22:13:56","date_gmt":"2024-12-04T21:13:56","guid":{"rendered":"https:\/\/cyklometa.sk\/?p=811"},"modified":"2024-12-04T22:50:49","modified_gmt":"2024-12-04T21:50:49","slug":"napisali-o-mne","status":"publish","type":"post","link":"https:\/\/cyklometa.sk\/?p=811","title":{"rendered":"Nap\u00edsali o mne"},"content":{"rendered":"<aside class=\"mashsb-container mashsb-main \"><div class=\"mashsb-box\"><div class=\"mashsb-buttons\"><\/div>\n            <\/div>\n                <div style=\"clear:both\"><\/div><div class=\"mashsb-toggle-container\"><\/div><\/aside>\n            <!-- Share buttons by mashshare.net - Version: 4.0.47-->\n<p style=\"font-size:15px\"><strong>Nap\u00edsali o mne:<\/strong><\/p>\n\n\n\n<p class=\"has-small-font-size\"><a href=\"https:\/\/presov.korzar.sme.sk\/c\/22510737\/renata-kmecova-neexistuje-zle-pocasie-iba-zle-obleceny-cyklista.html#storm_gallery_170449\">https:\/\/presov.korzar.sme.sk\/c\/22510737\/renata-kmecova-neexistuje-zle-pocasie-iba-zle-obleceny-cyklista.html#storm_gallery_170449<\/a><\/p>\n\n\n\n<p class=\"has-small-font-size\"><strong>edit k \u010dl\u00e1nku:<\/strong> <em>&#8222;Ren\u00e1ta Kmecov\u00e1 mysl\u00ed aj na n\u00e1ro\u010dn\u00fdch cyklistov, ktor\u00fdm rad\u00ed prejs\u0165 MTB Al\u017ebetu z Pre\u0161ova cez Podhrad\u00edk po jazero Zlat\u00e1 stud\u0148a, kde je pr\u00edjemn\u00e9 miesto na oddych.&#8220;<\/em><\/p>\n\n\n\n<p class=\"has-small-font-size\"><a href=\"https:\/\/www.cas.sk\/clanok\/2752417\/presovski-cyklisti-su-zhrozeni-na-obsluznej-ceste-na-nas-striehne-zavora-caka-sa-kym-sa-niekto-zrani?orig_gallery_article=1\">https:\/\/www.cas.sk\/clanok\/2752417\/presovski-cyklisti-su-zhrozeni-na-obsluznej-ceste-na-nas-striehne-zavora-caka-sa-kym-sa-niekto-zrani?orig_gallery_article=1<\/a><\/p>\n\n\n\n<p class=\"has-small-font-size\"><strong>edit k \u010dl\u00e1nku:<\/strong> Pre\u0161ovsk\u00ed cyklisti nie s\u00fa zhrozen\u00ed \ud83d\ude42 ani z uveden\u00e9ho d\u00f4vodu neboli.<\/p>\n\n\n\n<p class=\"has-small-font-size\"><a href=\"https:\/\/www.presov.sk\/oznamy\/podakujeme-tym-ktori-chodia-na-bicykli-pocas-celeho-roka.html?print_demand=1\">https:\/\/www.presov.sk\/oznamy\/podakujeme-tym-ktori-chodia-na-bicykli-pocas-celeho-roka.html?print_demand=1<\/a><\/p>\n\n\n\n<p class=\"has-small-font-size\"><a href=\"https:\/\/www.kosiceonline.sk\/cyklisti-v-presove-sa-mozu-zapojit-do-podujatia-do-prace-na-bicykli-v-zime\">https:\/\/www.kosiceonline.sk\/cyklisti-v-presove-sa-mozu-zapojit-do-podujatia-do-prace-na-bicykli-v-zime<\/a><\/p>\n\n\n\n<p class=\"has-small-font-size\"><a href=\"https:\/\/www.teraz.sk\/regiony\/presovcania-sa-zapajaju-do-celosveto\/307415-clanok.html\">https:\/\/www.teraz.sk\/regiony\/presovcania-sa-zapajaju-do-celosveto\/307415-clanok.html<\/a><\/p>\n\n\n\n<p class=\"has-small-font-size\"><a href=\"https:\/\/www.netky.sk\/clanok\/presovcania-sa-budu-moct-zapojit-do-podujatia-do-prace-na-bicykli-v-zime\">https:\/\/www.netky.sk\/clanok\/presovcania-sa-budu-moct-zapojit-do-podujatia-do-prace-na-bicykli-v-zime<\/a><\/p>\n","protected":false},"excerpt":{"rendered":"<p>Nap\u00edsali o mne: https:\/\/presov.korzar.sme.sk\/c\/22510737\/renata-kmecova-neexistuje-zle-pocasie-iba-zle-obleceny-cyklista.html#storm_gallery_170449 edit k \u010dl\u00e1nku: &#8222;Ren\u00e1ta Kmecov\u00e1 mysl\u00ed aj na n\u00e1ro\u010dn\u00fdch cyklistov, ktor\u00fdm rad\u00ed prejs\u0165 MTB Al\u017ebetu z Pre\u0161ova cez Podhrad\u00edk po jazero Zlat\u00e1&#46;&#46;&#46;<\/p>\n","protected":false},"author":1,"featured_media":817,"comment_status":"open","ping_status":"open","sticky":false,"template":"","format":"standard","meta":{"_monsterinsights_skip_tracking":false,"_monsterinsights_sitenote_active":false,"_monsterinsights_sitenote_note":"","_monsterinsights_sitenote_category":0,"fifu_image_url":"","fifu_image_alt":"","footnotes":""},"categories":[6],"tags":[21],"class_list":["post-811","post","type-post","status-publish","format-standard","has-post-thumbnail","hentry","category-blog","tag-napisali-o-mne"],"yoast_head":"<!-- This site is optimized with the Yoast SEO plugin v26.6 - https:\/\/yoast.com\/wordpress\/plugins\/seo\/ -->\n<title>Nap\u00edsali o mne - Cyklom\u00e9ta<\/title>\n<meta name=\"description\" content=\"Ren\u00e1ta Kmecov\u00e1 v m\u00e9di\u00e1ch- rozhovory, \u010dl\u00e1nky, spomenutia\" \/>\n<meta name=\"robots\" content=\"index, follow, max-snippet:-1, max-image-preview:large, max-video-preview:-1\" \/>\n<link rel=\"canonical\" href=\"https:\/\/cyklometa.sk\/?p=811\" \/>\n<meta property=\"og:locale\" content=\"sk_SK\" \/>\n<meta property=\"og:type\" content=\"article\" \/>\n<meta property=\"og:title\" content=\"Nap\u00edsali o mne - Cyklom\u00e9ta\" \/>\n<meta property=\"og:description\" content=\"Ren\u00e1ta Kmecov\u00e1 v m\u00e9di\u00e1ch- rozhovory, \u010dl\u00e1nky, spomenutia\" \/>\n<meta property=\"og:url\" content=\"https:\/\/cyklometa.sk\/?p=811\" \/>\n<meta property=\"og:site_name\" content=\"Cyklom\u00e9ta\" \/>\n<meta property=\"article:published_time\" content=\"2024-12-04T21:13:56+00:00\" \/>\n<meta property=\"article:modified_time\" content=\"2024-12-04T21:50:49+00:00\" \/>\n<meta property=\"og:image\" content=\"https:\/\/cyklometa.sk\/wp-content\/uploads\/2024\/12\/napisali-omne.jpg\" \/>\n\t<meta property=\"og:image:width\" content=\"1622\" \/>\n\t<meta property=\"og:image:height\" content=\"918\" \/>\n\t<meta property=\"og:image:type\" content=\"image\/jpeg\" \/>\n<meta name=\"author\" content=\"RenataKm\" \/>\n<meta name=\"twitter:card\" content=\"summary_large_image\" \/>\n<meta name=\"twitter:label1\" content=\"Autor\" \/>\n\t<meta name=\"twitter:data1\" content=\"RenataKm\" \/>\n\t<meta name=\"twitter:label2\" content=\"Predpokladan\u00fd \u010das \u010d\u00edtania\" \/>\n\t<meta name=\"twitter:data2\" content=\"1 min\u00fata\" \/>\n<script type=\"application\/ld+json\" class=\"yoast-schema-graph\">{\"@context\":\"https:\/\/schema.org\",\"@graph\":[{\"@type\":\"WebPage\",\"@id\":\"https:\/\/cyklometa.sk\/?p=811\",\"url\":\"https:\/\/cyklometa.sk\/?p=811\",\"name\":\"Nap\u00edsali o mne - Cyklom\u00e9ta\",\"isPartOf\":{\"@id\":\"https:\/\/cyklometa.sk\/#website\"},\"primaryImageOfPage\":{\"@id\":\"https:\/\/cyklometa.sk\/?p=811#primaryimage\"},\"image\":{\"@id\":\"https:\/\/cyklometa.sk\/?p=811#primaryimage\"},\"thumbnailUrl\":\"https:\/\/cyklometa.sk\/wp-content\/uploads\/2024\/12\/napisali-omne.jpg\",\"datePublished\":\"2024-12-04T21:13:56+00:00\",\"dateModified\":\"2024-12-04T21:50:49+00:00\",\"author\":{\"@id\":\"https:\/\/cyklometa.sk\/#\/schema\/person\/0d52e67ebf7c09d469134813dc8c488e\"},\"description\":\"Ren\u00e1ta Kmecov\u00e1 v m\u00e9di\u00e1ch- rozhovory, \u010dl\u00e1nky, spomenutia\",\"breadcrumb\":{\"@id\":\"https:\/\/cyklometa.sk\/?p=811#breadcrumb\"},\"inLanguage\":\"sk-SK\",\"potentialAction\":[{\"@type\":\"ReadAction\",\"target\":[\"https:\/\/cyklometa.sk\/?p=811\"]}]},{\"@type\":\"ImageObject\",\"inLanguage\":\"sk-SK\",\"@id\":\"https:\/\/cyklometa.sk\/?p=811#primaryimage\",\"url\":\"https:\/\/cyklometa.sk\/wp-content\/uploads\/2024\/12\/napisali-omne.jpg\",\"contentUrl\":\"https:\/\/cyklometa.sk\/wp-content\/uploads\/2024\/12\/napisali-omne.jpg\",\"width\":1622,\"height\":918,\"caption\":\"napisali o mne\"},{\"@type\":\"BreadcrumbList\",\"@id\":\"https:\/\/cyklometa.sk\/?p=811#breadcrumb\",\"itemListElement\":[{\"@type\":\"ListItem\",\"position\":1,\"name\":\"Home\",\"item\":\"https:\/\/cyklometa.sk\/\"},{\"@type\":\"ListItem\",\"position\":2,\"name\":\"Nap\u00edsali o mne\"}]},{\"@type\":\"WebSite\",\"@id\":\"https:\/\/cyklometa.sk\/#website\",\"url\":\"https:\/\/cyklometa.sk\/\",\"name\":\"Cyklom\u00e9ta\",\"description\":\"Bezpe\u010dne na bicykli po\u010das cel\u00e9ho roka!\",\"potentialAction\":[{\"@type\":\"SearchAction\",\"target\":{\"@type\":\"EntryPoint\",\"urlTemplate\":\"https:\/\/cyklometa.sk\/?s={search_term_string}\"},\"query-input\":{\"@type\":\"PropertyValueSpecification\",\"valueRequired\":true,\"valueName\":\"search_term_string\"}}],\"inLanguage\":\"sk-SK\"},{\"@type\":\"Person\",\"@id\":\"https:\/\/cyklometa.sk\/#\/schema\/person\/0d52e67ebf7c09d469134813dc8c488e\",\"name\":\"RenataKm\",\"image\":{\"@type\":\"ImageObject\",\"inLanguage\":\"sk-SK\",\"@id\":\"https:\/\/cyklometa.sk\/#\/schema\/person\/image\/\",\"url\":\"https:\/\/secure.gravatar.com\/avatar\/da7f13aa156509e9534f93b1b590b03b?s=96&d=mm&r=g\",\"contentUrl\":\"https:\/\/secure.gravatar.com\/avatar\/da7f13aa156509e9534f93b1b590b03b?s=96&d=mm&r=g\",\"caption\":\"RenataKm\"},\"sameAs\":[\"https:\/\/cyklometa.sk\"],\"url\":\"https:\/\/cyklometa.sk\/?author=1\"}]}<\/script>\n<!-- \/ Yoast SEO plugin. -->","yoast_head_json":{"title":"Nap\u00edsali o mne - Cyklom\u00e9ta","description":"Ren\u00e1ta Kmecov\u00e1 v m\u00e9di\u00e1ch- rozhovory, \u010dl\u00e1nky, spomenutia","robots":{"index":"index","follow":"follow","max-snippet":"max-snippet:-1","max-image-preview":"max-image-preview:large","max-video-preview":"max-video-preview:-1"},"canonical":"https:\/\/cyklometa.sk\/?p=811","og_locale":"sk_SK","og_type":"article","og_title":"Nap\u00edsali o mne - Cyklom\u00e9ta","og_description":"Ren\u00e1ta Kmecov\u00e1 v m\u00e9di\u00e1ch- rozhovory, \u010dl\u00e1nky, spomenutia","og_url":"https:\/\/cyklometa.sk\/?p=811","og_site_name":"Cyklom\u00e9ta","article_published_time":"2024-12-04T21:13:56+00:00","article_modified_time":"2024-12-04T21:50:49+00:00","og_image":[{"width":1622,"height":918,"url":"https:\/\/cyklometa.sk\/wp-content\/uploads\/2024\/12\/napisali-omne.jpg","type":"image\/jpeg"}],"author":"RenataKm","twitter_card":"summary_large_image","twitter_misc":{"Autor":"RenataKm","Predpokladan\u00fd \u010das \u010d\u00edtania":"1 min\u00fata"},"schema":{"@context":"https:\/\/schema.org","@graph":[{"@type":"WebPage","@id":"https:\/\/cyklometa.sk\/?p=811","url":"https:\/\/cyklometa.sk\/?p=811","name":"Nap\u00edsali o mne - Cyklom\u00e9ta","isPartOf":{"@id":"https:\/\/cyklometa.sk\/#website"},"primaryImageOfPage":{"@id":"https:\/\/cyklometa.sk\/?p=811#primaryimage"},"image":{"@id":"https:\/\/cyklometa.sk\/?p=811#primaryimage"},"thumbnailUrl":"https:\/\/cyklometa.sk\/wp-content\/uploads\/2024\/12\/napisali-omne.jpg","datePublished":"2024-12-04T21:13:56+00:00","dateModified":"2024-12-04T21:50:49+00:00","author":{"@id":"https:\/\/cyklometa.sk\/#\/schema\/person\/0d52e67ebf7c09d469134813dc8c488e"},"description":"Ren\u00e1ta Kmecov\u00e1 v m\u00e9di\u00e1ch- rozhovory, \u010dl\u00e1nky, spomenutia","breadcrumb":{"@id":"https:\/\/cyklometa.sk\/?p=811#breadcrumb"},"inLanguage":"sk-SK","potentialAction":[{"@type":"ReadAction","target":["https:\/\/cyklometa.sk\/?p=811"]}]},{"@type":"ImageObject","inLanguage":"sk-SK","@id":"https:\/\/cyklometa.sk\/?p=811#primaryimage","url":"https:\/\/cyklometa.sk\/wp-content\/uploads\/2024\/12\/napisali-omne.jpg","contentUrl":"https:\/\/cyklometa.sk\/wp-content\/uploads\/2024\/12\/napisali-omne.jpg","width":1622,"height":918,"caption":"napisali o mne"},{"@type":"BreadcrumbList","@id":"https:\/\/cyklometa.sk\/?p=811#breadcrumb","itemListElement":[{"@type":"ListItem","position":1,"name":"Home","item":"https:\/\/cyklometa.sk\/"},{"@type":"ListItem","position":2,"name":"Nap\u00edsali o mne"}]},{"@type":"WebSite","@id":"https:\/\/cyklometa.sk\/#website","url":"https:\/\/cyklometa.sk\/","name":"Cyklom\u00e9ta","description":"Bezpe\u010dne na bicykli po\u010das cel\u00e9ho roka!","potentialAction":[{"@type":"SearchAction","target":{"@type":"EntryPoint","urlTemplate":"https:\/\/cyklometa.sk\/?s={search_term_string}"},"query-input":{"@type":"PropertyValueSpecification","valueRequired":true,"valueName":"search_term_string"}}],"inLanguage":"sk-SK"},{"@type":"Person","@id":"https:\/\/cyklometa.sk\/#\/schema\/person\/0d52e67ebf7c09d469134813dc8c488e","name":"RenataKm","image":{"@type":"ImageObject","inLanguage":"sk-SK","@id":"https:\/\/cyklometa.sk\/#\/schema\/person\/image\/","url":"https:\/\/secure.gravatar.com\/avatar\/da7f13aa156509e9534f93b1b590b03b?s=96&d=mm&r=g","contentUrl":"https:\/\/secure.gravatar.com\/avatar\/da7f13aa156509e9534f93b1b590b03b?s=96&d=mm&r=g","caption":"RenataKm"},"sameAs":["https:\/\/cyklometa.sk"],"url":"https:\/\/cyklometa.sk\/?author=1"}]}},"_links":{"self":[{"href":"https:\/\/cyklometa.sk\/index.php?rest_route=\/wp\/v2\/posts\/811","targetHints":{"allow":["GET"]}}],"collection":[{"href":"https:\/\/cyklometa.sk\/index.php?rest_route=\/wp\/v2\/posts"}],"about":[{"href":"https:\/\/cyklometa.sk\/index.php?rest_route=\/wp\/v2\/types\/post"}],"author":[{"embeddable":true,"href":"https:\/\/cyklometa.sk\/index.php?rest_route=\/wp\/v2\/users\/1"}],"replies":[{"embeddable":true,"href":"https:\/\/cyklometa.sk\/index.php?rest_route=%2Fwp%2Fv2%2Fcomments&post=811"}],"version-history":[{"count":2,"href":"https:\/\/cyklometa.sk\/index.php?rest_route=\/wp\/v2\/posts\/811\/revisions"}],"predecessor-version":[{"id":821,"href":"https:\/\/cyklometa.sk\/index.php?rest_route=\/wp\/v2\/posts\/811\/revisions\/821"}],"wp:featuredmedia":[{"embeddable":true,"href":"https:\/\/cyklometa.sk\/index.php?rest_route=\/wp\/v2\/media\/817"}],"wp:attachment":[{"href":"https:\/\/cyklometa.sk\/index.php?rest_route=%2Fwp%2Fv2%2Fmedia&parent=811"}],"wp:term":[{"taxonomy":"category","embeddable":true,"href":"https:\/\/cyklometa.sk\/index.php?rest_route=%2Fwp%2Fv2%2Fcategories&post=811"},{"taxonomy":"post_tag","embeddable":true,"href":"https:\/\/cyklometa.sk\/index.php?rest_route=%2Fwp%2Fv2%2Ftags&post=811"}],"curies":[{"name":"wp","href":"https:\/\/api.w.org\/{rel}","templated":true}]}}