{"id":857,"date":"2024-12-05T12:40:06","date_gmt":"2024-12-05T11:40:06","guid":{"rendered":"https:\/\/cyklometa.sk\/?p=857"},"modified":"2024-12-05T13:29:16","modified_gmt":"2024-12-05T12:29:16","slug":"pozvanka-na-cyklometu-2025","status":"publish","type":"post","link":"https:\/\/cyklometa.sk\/?p=857","title":{"rendered":"Pozv\u00e1nka na Cyklom\u00e9tu 2025"},"content":{"rendered":"<aside class=\"mashsb-container mashsb-main \"><div class=\"mashsb-box\"><div class=\"mashsb-buttons\"><\/div>\n            <\/div>\n                <div style=\"clear:both\"><\/div><div class=\"mashsb-toggle-container\"><\/div><\/aside>\n            <!-- Share buttons by mashshare.net - Version: 4.0.47-->\n<p class=\"has-small-font-size\">Poz\u00fdvame V\u00e1s na 10-tu Cyklom\u00e9tu, ktor\u00e1 sa uskuto\u010dn\u00ed v tradi\u010dnom \u010dase 6.1.2025 od 16:30 v Pre\u0161ove<br><br>\u0160tart \u010d.1: kone\u010dn\u00e1 z\u00e1stavka S\u00eddliska III 16:30<br>\u0160tart \u010d.2: parkovisko pri Lidli Sek\u010dov 16:30<br>Sl\u00e1vnostn\u00e9 ukon\u010denie podujatia bude v kaviarni Spojka Roastery, Pod Kalv\u00e1riou 18<\/p>\n\n\n\n<figure class=\"wp-block-image size-large is-resized is-style-default\"><img loading=\"lazy\" decoding=\"async\" width=\"1024\" height=\"698\" src=\"https:\/\/cyklometa.sk\/wp-content\/uploads\/2024\/12\/cyklo-meta-048-1-1024x698.jpg\" alt=\"\" class=\"wp-image-374\" style=\"width:504px;height:auto\" srcset=\"https:\/\/cyklometa.sk\/wp-content\/uploads\/2024\/12\/cyklo-meta-048-1-1024x698.jpg 1024w, https:\/\/cyklometa.sk\/wp-content\/uploads\/2024\/12\/cyklo-meta-048-1-300x204.jpg 300w, https:\/\/cyklometa.sk\/wp-content\/uploads\/2024\/12\/cyklo-meta-048-1-768x523.jpg 768w, https:\/\/cyklometa.sk\/wp-content\/uploads\/2024\/12\/cyklo-meta-048-1-1536x1047.jpg 1536w, https:\/\/cyklometa.sk\/wp-content\/uploads\/2024\/12\/cyklo-meta-048-1-2048x1396.jpg 2048w\" sizes=\"auto, (max-width: 1024px) 100vw, 1024px\" \/><\/figure>\n\n\n\n<p class=\"has-small-font-size\">&#8211; Bicykel majte v dobrom stave<br>&#8211; Povinne &#8211; v\u0161etci riadne osveteln\u00fd, v\u0161etky svetl\u00e1 a svetielka navy\u0161e s\u00fa viac ne\u017e v\u00edtan\u00e9 <br>&#8211; Osoby mlad\u0161ie ako 10 rokov sa m\u00f4\u017eu z\u00fa\u010dastni\u0165 len v sprievode z\u00e1konn\u00e9ho z\u00e1stupcu <br>&#8211; Osoby mlad\u0161ie ako 15 rokov musia ma\u0165 na hlave po\u010das jazdy pripevnen\u00fa prilbu\/ odpor\u00fa\u010dame v\u0161ak aj star\u0161\u00edm <br>&#8211; Osoby od 10-18 rokov, sa m\u00f4\u017eu z\u00fa\u010dastni\u0165 podujatia len s p\u00edsomn\u00fdm s\u00fahlasom z\u00e1konn\u00e9ho z\u00e1stupcu, alebo v jeho sprievode <br>&#8211; Tempo jazdy sa v\u017edy prisp\u00f4sob\u00ed najpomal\u0161iemu cyklistovi\/ zv\u00e4\u010d\u0161a je to ten najmlad\u0161\u00ed <br>&#8211; Pokojne vym\u00fd\u0161\u013eajte u\u017e teraz v\u0161elijak\u00e9 masky, vlajky, prevleky, obleky, v\u00fdzdoby bicykla a seba <br>&#8211; M\u00f4\u017eete vytv\u00e1ra\u0165 aj tematick\u00e9 cyklistick\u00e9 t\u00edmy (snehuliaci, viano\u010dn\u00e9 strom\u010deky, kulturisti, snehov\u00e9 gule, traja kr\u00e1li, \u010doko\u013evek \u010do V\u00e1s napadne) <br>&#8211; Dobrovo\u013en\u00edci s\u00fa v\u017edy v\u00edtan\u00ed- ozvite sa do spr\u00e1vy <\/p>\n\n\n\n<p class=\"has-small-font-size\">Jazdite bezpe\u010dne a nech je V\u00e1s vidie\u0165! <br><br>Foto: \u013dubo\u0161 Krahulec PHOTOGRAPHY<\/p>\n","protected":false},"excerpt":{"rendered":"<p>Poz\u00fdvame V\u00e1s na 10-tu Cyklom\u00e9tu, ktor\u00e1 sa uskuto\u010dn\u00ed v tradi\u010dnom \u010dase 6.1.2025 od 16:30 v Pre\u0161ove \u0160tart \u010d.1: kone\u010dn\u00e1 z\u00e1stavka S\u00eddliska III 16:30\u0160tart \u010d.2: parkovisko pri&#46;&#46;&#46;<\/p>\n","protected":false},"author":1,"featured_media":205,"comment_status":"open","ping_status":"open","sticky":false,"template":"","format":"standard","meta":{"_monsterinsights_skip_tracking":false,"_monsterinsights_sitenote_active":false,"_monsterinsights_sitenote_note":"","_monsterinsights_sitenote_category":0,"fifu_image_url":"","fifu_image_alt":"","footnotes":""},"categories":[6],"tags":[25],"class_list":["post-857","post","type-post","status-publish","format-standard","has-post-thumbnail","hentry","category-blog","tag-pozvanka"],"yoast_head":"<!-- This site is optimized with the Yoast SEO plugin v26.6 - https:\/\/yoast.com\/wordpress\/plugins\/seo\/ -->\n<title>Pozv\u00e1nka na Cyklom\u00e9tu 2025 - Cyklom\u00e9ta<\/title>\n<meta name=\"description\" content=\"Poz\u00fdvame V\u00e1s na 10-tu cyklom\u00e9tu, 6.1.2025. \u0160tart z kone\u010dnej zast\u00e1vky S\u00eddliska III alebo z parkoviska Lidl na Sek\u010dove, 16:30.\" \/>\n<meta name=\"robots\" content=\"index, follow, max-snippet:-1, max-image-preview:large, max-video-preview:-1\" \/>\n<link rel=\"canonical\" href=\"https:\/\/cyklometa.sk\/?p=857\" \/>\n<meta property=\"og:locale\" content=\"sk_SK\" \/>\n<meta property=\"og:type\" content=\"article\" \/>\n<meta property=\"og:title\" content=\"Pozv\u00e1nka na Cyklom\u00e9tu 2025 - Cyklom\u00e9ta\" \/>\n<meta property=\"og:description\" content=\"Poz\u00fdvame V\u00e1s na 10-tu cyklom\u00e9tu, 6.1.2025. \u0160tart z kone\u010dnej zast\u00e1vky S\u00eddliska III alebo z parkoviska Lidl na Sek\u010dove, 16:30.\" \/>\n<meta property=\"og:url\" content=\"https:\/\/cyklometa.sk\/?p=857\" \/>\n<meta property=\"og:site_name\" content=\"Cyklom\u00e9ta\" \/>\n<meta property=\"article:published_time\" content=\"2024-12-05T11:40:06+00:00\" \/>\n<meta property=\"article:modified_time\" content=\"2024-12-05T12:29:16+00:00\" \/>\n<meta property=\"og:image\" content=\"https:\/\/cyklometa.sk\/wp-content\/uploads\/2024\/12\/cyklometa-018-scaled-e1733400823101.jpg\" \/>\n\t<meta property=\"og:image:width\" content=\"1707\" \/>\n\t<meta property=\"og:image:height\" content=\"1370\" \/>\n\t<meta property=\"og:image:type\" content=\"image\/jpeg\" \/>\n<meta name=\"author\" content=\"RenataKm\" \/>\n<meta name=\"twitter:card\" content=\"summary_large_image\" \/>\n<meta name=\"twitter:label1\" content=\"Autor\" \/>\n\t<meta name=\"twitter:data1\" content=\"RenataKm\" \/>\n\t<meta name=\"twitter:label2\" content=\"Predpokladan\u00fd \u010das \u010d\u00edtania\" \/>\n\t<meta name=\"twitter:data2\" content=\"2 min\u00faty\" \/>\n<script type=\"application\/ld+json\" class=\"yoast-schema-graph\">{\"@context\":\"https:\/\/schema.org\",\"@graph\":[{\"@type\":\"WebPage\",\"@id\":\"https:\/\/cyklometa.sk\/?p=857\",\"url\":\"https:\/\/cyklometa.sk\/?p=857\",\"name\":\"Pozv\u00e1nka na Cyklom\u00e9tu 2025 - Cyklom\u00e9ta\",\"isPartOf\":{\"@id\":\"https:\/\/cyklometa.sk\/#website\"},\"primaryImageOfPage\":{\"@id\":\"https:\/\/cyklometa.sk\/?p=857#primaryimage\"},\"image\":{\"@id\":\"https:\/\/cyklometa.sk\/?p=857#primaryimage\"},\"thumbnailUrl\":\"https:\/\/cyklometa.sk\/wp-content\/uploads\/2024\/12\/cyklometa-018-scaled-e1733400823101.jpg\",\"datePublished\":\"2024-12-05T11:40:06+00:00\",\"dateModified\":\"2024-12-05T12:29:16+00:00\",\"author\":{\"@id\":\"https:\/\/cyklometa.sk\/#\/schema\/person\/0d52e67ebf7c09d469134813dc8c488e\"},\"description\":\"Poz\u00fdvame V\u00e1s na 10-tu cyklom\u00e9tu, 6.1.2025. \u0160tart z kone\u010dnej zast\u00e1vky S\u00eddliska III alebo z parkoviska Lidl na Sek\u010dove, 16:30.\",\"breadcrumb\":{\"@id\":\"https:\/\/cyklometa.sk\/?p=857#breadcrumb\"},\"inLanguage\":\"sk-SK\",\"potentialAction\":[{\"@type\":\"ReadAction\",\"target\":[\"https:\/\/cyklometa.sk\/?p=857\"]}]},{\"@type\":\"ImageObject\",\"inLanguage\":\"sk-SK\",\"@id\":\"https:\/\/cyklometa.sk\/?p=857#primaryimage\",\"url\":\"https:\/\/cyklometa.sk\/wp-content\/uploads\/2024\/12\/cyklometa-018-scaled-e1733400823101.jpg\",\"contentUrl\":\"https:\/\/cyklometa.sk\/wp-content\/uploads\/2024\/12\/cyklometa-018-scaled-e1733400823101.jpg\",\"width\":1707,\"height\":1370},{\"@type\":\"BreadcrumbList\",\"@id\":\"https:\/\/cyklometa.sk\/?p=857#breadcrumb\",\"itemListElement\":[{\"@type\":\"ListItem\",\"position\":1,\"name\":\"Home\",\"item\":\"https:\/\/cyklometa.sk\/\"},{\"@type\":\"ListItem\",\"position\":2,\"name\":\"Pozv\u00e1nka na Cyklom\u00e9tu 2025\"}]},{\"@type\":\"WebSite\",\"@id\":\"https:\/\/cyklometa.sk\/#website\",\"url\":\"https:\/\/cyklometa.sk\/\",\"name\":\"Cyklom\u00e9ta\",\"description\":\"Bezpe\u010dne na bicykli po\u010das cel\u00e9ho roka!\",\"potentialAction\":[{\"@type\":\"SearchAction\",\"target\":{\"@type\":\"EntryPoint\",\"urlTemplate\":\"https:\/\/cyklometa.sk\/?s={search_term_string}\"},\"query-input\":{\"@type\":\"PropertyValueSpecification\",\"valueRequired\":true,\"valueName\":\"search_term_string\"}}],\"inLanguage\":\"sk-SK\"},{\"@type\":\"Person\",\"@id\":\"https:\/\/cyklometa.sk\/#\/schema\/person\/0d52e67ebf7c09d469134813dc8c488e\",\"name\":\"RenataKm\",\"image\":{\"@type\":\"ImageObject\",\"inLanguage\":\"sk-SK\",\"@id\":\"https:\/\/cyklometa.sk\/#\/schema\/person\/image\/\",\"url\":\"https:\/\/secure.gravatar.com\/avatar\/da7f13aa156509e9534f93b1b590b03b?s=96&d=mm&r=g\",\"contentUrl\":\"https:\/\/secure.gravatar.com\/avatar\/da7f13aa156509e9534f93b1b590b03b?s=96&d=mm&r=g\",\"caption\":\"RenataKm\"},\"sameAs\":[\"https:\/\/cyklometa.sk\"],\"url\":\"https:\/\/cyklometa.sk\/?author=1\"}]}<\/script>\n<!-- \/ Yoast SEO plugin. -->","yoast_head_json":{"title":"Pozv\u00e1nka na Cyklom\u00e9tu 2025 - Cyklom\u00e9ta","description":"Poz\u00fdvame V\u00e1s na 10-tu cyklom\u00e9tu, 6.1.2025. \u0160tart z kone\u010dnej zast\u00e1vky S\u00eddliska III alebo z parkoviska Lidl na Sek\u010dove, 16:30.","robots":{"index":"index","follow":"follow","max-snippet":"max-snippet:-1","max-image-preview":"max-image-preview:large","max-video-preview":"max-video-preview:-1"},"canonical":"https:\/\/cyklometa.sk\/?p=857","og_locale":"sk_SK","og_type":"article","og_title":"Pozv\u00e1nka na Cyklom\u00e9tu 2025 - Cyklom\u00e9ta","og_description":"Poz\u00fdvame V\u00e1s na 10-tu cyklom\u00e9tu, 6.1.2025. \u0160tart z kone\u010dnej zast\u00e1vky S\u00eddliska III alebo z parkoviska Lidl na Sek\u010dove, 16:30.","og_url":"https:\/\/cyklometa.sk\/?p=857","og_site_name":"Cyklom\u00e9ta","article_published_time":"2024-12-05T11:40:06+00:00","article_modified_time":"2024-12-05T12:29:16+00:00","og_image":[{"width":1707,"height":1370,"url":"https:\/\/cyklometa.sk\/wp-content\/uploads\/2024\/12\/cyklometa-018-scaled-e1733400823101.jpg","type":"image\/jpeg"}],"author":"RenataKm","twitter_card":"summary_large_image","twitter_misc":{"Autor":"RenataKm","Predpokladan\u00fd \u010das \u010d\u00edtania":"2 min\u00faty"},"schema":{"@context":"https:\/\/schema.org","@graph":[{"@type":"WebPage","@id":"https:\/\/cyklometa.sk\/?p=857","url":"https:\/\/cyklometa.sk\/?p=857","name":"Pozv\u00e1nka na Cyklom\u00e9tu 2025 - Cyklom\u00e9ta","isPartOf":{"@id":"https:\/\/cyklometa.sk\/#website"},"primaryImageOfPage":{"@id":"https:\/\/cyklometa.sk\/?p=857#primaryimage"},"image":{"@id":"https:\/\/cyklometa.sk\/?p=857#primaryimage"},"thumbnailUrl":"https:\/\/cyklometa.sk\/wp-content\/uploads\/2024\/12\/cyklometa-018-scaled-e1733400823101.jpg","datePublished":"2024-12-05T11:40:06+00:00","dateModified":"2024-12-05T12:29:16+00:00","author":{"@id":"https:\/\/cyklometa.sk\/#\/schema\/person\/0d52e67ebf7c09d469134813dc8c488e"},"description":"Poz\u00fdvame V\u00e1s na 10-tu cyklom\u00e9tu, 6.1.2025. \u0160tart z kone\u010dnej zast\u00e1vky S\u00eddliska III alebo z parkoviska Lidl na Sek\u010dove, 16:30.","breadcrumb":{"@id":"https:\/\/cyklometa.sk\/?p=857#breadcrumb"},"inLanguage":"sk-SK","potentialAction":[{"@type":"ReadAction","target":["https:\/\/cyklometa.sk\/?p=857"]}]},{"@type":"ImageObject","inLanguage":"sk-SK","@id":"https:\/\/cyklometa.sk\/?p=857#primaryimage","url":"https:\/\/cyklometa.sk\/wp-content\/uploads\/2024\/12\/cyklometa-018-scaled-e1733400823101.jpg","contentUrl":"https:\/\/cyklometa.sk\/wp-content\/uploads\/2024\/12\/cyklometa-018-scaled-e1733400823101.jpg","width":1707,"height":1370},{"@type":"BreadcrumbList","@id":"https:\/\/cyklometa.sk\/?p=857#breadcrumb","itemListElement":[{"@type":"ListItem","position":1,"name":"Home","item":"https:\/\/cyklometa.sk\/"},{"@type":"ListItem","position":2,"name":"Pozv\u00e1nka na Cyklom\u00e9tu 2025"}]},{"@type":"WebSite","@id":"https:\/\/cyklometa.sk\/#website","url":"https:\/\/cyklometa.sk\/","name":"Cyklom\u00e9ta","description":"Bezpe\u010dne na bicykli po\u010das cel\u00e9ho roka!","potentialAction":[{"@type":"SearchAction","target":{"@type":"EntryPoint","urlTemplate":"https:\/\/cyklometa.sk\/?s={search_term_string}"},"query-input":{"@type":"PropertyValueSpecification","valueRequired":true,"valueName":"search_term_string"}}],"inLanguage":"sk-SK"},{"@type":"Person","@id":"https:\/\/cyklometa.sk\/#\/schema\/person\/0d52e67ebf7c09d469134813dc8c488e","name":"RenataKm","image":{"@type":"ImageObject","inLanguage":"sk-SK","@id":"https:\/\/cyklometa.sk\/#\/schema\/person\/image\/","url":"https:\/\/secure.gravatar.com\/avatar\/da7f13aa156509e9534f93b1b590b03b?s=96&d=mm&r=g","contentUrl":"https:\/\/secure.gravatar.com\/avatar\/da7f13aa156509e9534f93b1b590b03b?s=96&d=mm&r=g","caption":"RenataKm"},"sameAs":["https:\/\/cyklometa.sk"],"url":"https:\/\/cyklometa.sk\/?author=1"}]}},"_links":{"self":[{"href":"https:\/\/cyklometa.sk\/index.php?rest_route=\/wp\/v2\/posts\/857","targetHints":{"allow":["GET"]}}],"collection":[{"href":"https:\/\/cyklometa.sk\/index.php?rest_route=\/wp\/v2\/posts"}],"about":[{"href":"https:\/\/cyklometa.sk\/index.php?rest_route=\/wp\/v2\/types\/post"}],"author":[{"embeddable":true,"href":"https:\/\/cyklometa.sk\/index.php?rest_route=\/wp\/v2\/users\/1"}],"replies":[{"embeddable":true,"href":"https:\/\/cyklometa.sk\/index.php?rest_route=%2Fwp%2Fv2%2Fcomments&post=857"}],"version-history":[{"count":1,"href":"https:\/\/cyklometa.sk\/index.php?rest_route=\/wp\/v2\/posts\/857\/revisions"}],"predecessor-version":[{"id":858,"href":"https:\/\/cyklometa.sk\/index.php?rest_route=\/wp\/v2\/posts\/857\/revisions\/858"}],"wp:featuredmedia":[{"embeddable":true,"href":"https:\/\/cyklometa.sk\/index.php?rest_route=\/wp\/v2\/media\/205"}],"wp:attachment":[{"href":"https:\/\/cyklometa.sk\/index.php?rest_route=%2Fwp%2Fv2%2Fmedia&parent=857"}],"wp:term":[{"taxonomy":"category","embeddable":true,"href":"https:\/\/cyklometa.sk\/index.php?rest_route=%2Fwp%2Fv2%2Fcategories&post=857"},{"taxonomy":"post_tag","embeddable":true,"href":"https:\/\/cyklometa.sk\/index.php?rest_route=%2Fwp%2Fv2%2Ftags&post=857"}],"curies":[{"name":"wp","href":"https:\/\/api.w.org\/{rel}","templated":true}]}}